{"id":540,"date":"2019-07-04T18:05:54","date_gmt":"2019-07-04T16:05:54","guid":{"rendered":"https:\/\/www.grainesdemiel.com\/?p=540"},"modified":"2019-07-04T18:39:08","modified_gmt":"2019-07-04T16:39:08","slug":"labeille-et-le-philosophe-etonnant-voyage-dans-la-ruche-des-sages","status":"publish","type":"post","link":"https:\/\/www.grainesdemiel.com\/index.php\/2019\/07\/04\/labeille-et-le-philosophe-etonnant-voyage-dans-la-ruche-des-sages\/","title":{"rendered":"L&rsquo;abeille (et le) philosophe &#8211; \u00e9tonnant voyage dans la ruche des sages"},"content":{"rendered":"\n<figure class=\"wp-block-image\"><img fetchpriority=\"high\" decoding=\"async\" width=\"340\" height=\"340\" src=\"https:\/\/www.grainesdemiel.com\/wp-content\/uploads\/2019\/07\/L-abeille-et-le-philosophe.jpg\" alt=\"\" class=\"wp-image-541\" srcset=\"https:\/\/www.grainesdemiel.com\/wp-content\/uploads\/2019\/07\/L-abeille-et-le-philosophe.jpg 340w, https:\/\/www.grainesdemiel.com\/wp-content\/uploads\/2019\/07\/L-abeille-et-le-philosophe-150x150.jpg 150w, https:\/\/www.grainesdemiel.com\/wp-content\/uploads\/2019\/07\/L-abeille-et-le-philosophe-300x300.jpg 300w, https:\/\/www.grainesdemiel.com\/wp-content\/uploads\/2019\/07\/L-abeille-et-le-philosophe-100x100.jpg 100w\" sizes=\"(max-width: 340px) 100vw, 340px\" \/><\/figure>\n\n\n\n<p>Pour qui se pique de philosophie, l\u2019abeille est un sujet de choix. Aucun animal n\u2019a davantage fascin\u00e9 les hommes. Les penseurs de toutes les \u00e9poques et de toutes les civilisations ont cherch\u00e9 dans la ruche les secrets de la nature et les myst\u00e8res de la culture, comme si elle \u00e9tait le miroir id\u00e9al de l\u2019humanit\u00e9 et le barom\u00e8tre de son destin.<br>De l\u2019Antiquit\u00e9 \u00e0 la p\u00e9riode contemporaine, c\u2019est \u00e0 une extraordinaire histoire de la culture occidentale que nous convie ce livre : en suivant le vol d\u00e9licat de l\u2019abeille, on rencontre le g\u00e9nie d\u2019Aristote, l\u2019av\u00e8nement d\u2019Auguste, la naissance du christianisme. On la retrouve \u00e0 l\u2019\u00e2ge moderne accompagnant les premiers pas du retour des humanit\u00e9s antiques comme la d\u00e9couverte de la science exp\u00e9rimentale.<br>Aujourd\u2019hui que les menaces de disparition de cet insecte passionnent le public, le symbole n\u2019a pas fini de fonctionner. <\/p>\n","protected":false},"excerpt":{"rendered":"<p>Pour qui se pique de philosophie, l\u2019abeille est un sujet de choix. Aucun animal n\u2019a davantage fascin\u00e9 les hommes. Les penseurs de toutes les \u00e9poques et de toutes les civilisations ont cherch\u00e9 dans la ruche les secrets de la nature et les myst\u00e8res de la culture, comme si elle \u00e9tait le miroir id\u00e9al de l\u2019humanit\u00e9 [&hellip;]<\/p>\n","protected":false},"author":1,"featured_media":541,"comment_status":"open","ping_status":"open","sticky":false,"template":"","format":"standard","meta":{"ocean_post_layout":"","ocean_both_sidebars_style":"","ocean_both_sidebars_content_width":0,"ocean_both_sidebars_sidebars_width":0,"ocean_sidebar":"0","ocean_second_sidebar":"0","ocean_disable_margins":"enable","ocean_add_body_class":"","ocean_shortcode_before_top_bar":"","ocean_shortcode_after_top_bar":"","ocean_shortcode_before_header":"","ocean_shortcode_after_header":"","ocean_has_shortcode":"","ocean_shortcode_after_title":"","ocean_shortcode_before_footer_widgets":"","ocean_shortcode_after_footer_widgets":"","ocean_shortcode_before_footer_bottom":"","ocean_shortcode_after_footer_bottom":"","ocean_display_top_bar":"default","ocean_display_header":"default","ocean_header_style":"","ocean_center_header_left_menu":"0","ocean_custom_header_template":"0","ocean_custom_logo":0,"ocean_custom_retina_logo":0,"ocean_custom_logo_max_width":0,"ocean_custom_logo_tablet_max_width":0,"ocean_custom_logo_mobile_max_width":0,"ocean_custom_logo_max_height":0,"ocean_custom_logo_tablet_max_height":0,"ocean_custom_logo_mobile_max_height":0,"ocean_header_custom_menu":"0","ocean_menu_typo_font_family":"0","ocean_menu_typo_font_subset":"","ocean_menu_typo_font_size":0,"ocean_menu_typo_font_size_tablet":0,"ocean_menu_typo_font_size_mobile":0,"ocean_menu_typo_font_size_unit":"px","ocean_menu_typo_font_weight":"","ocean_menu_typo_font_weight_tablet":"","ocean_menu_typo_font_weight_mobile":"","ocean_menu_typo_transform":"","ocean_menu_typo_transform_tablet":"","ocean_menu_typo_transform_mobile":"","ocean_menu_typo_line_height":0,"ocean_menu_typo_line_height_tablet":0,"ocean_menu_typo_line_height_mobile":0,"ocean_menu_typo_line_height_unit":"","ocean_menu_typo_spacing":0,"ocean_menu_typo_spacing_tablet":0,"ocean_menu_typo_spacing_mobile":0,"ocean_menu_typo_spacing_unit":"","ocean_menu_link_color":"","ocean_menu_link_color_hover":"","ocean_menu_link_color_active":"","ocean_menu_link_background":"","ocean_menu_link_hover_background":"","ocean_menu_link_active_background":"","ocean_menu_social_links_bg":"","ocean_menu_social_hover_links_bg":"","ocean_menu_social_links_color":"","ocean_menu_social_hover_links_color":"","ocean_disable_title":"default","ocean_disable_heading":"default","ocean_post_title":"","ocean_post_subheading":"","ocean_post_title_style":"","ocean_post_title_background_color":"","ocean_post_title_background":0,"ocean_post_title_bg_image_position":"","ocean_post_title_bg_image_attachment":"","ocean_post_title_bg_image_repeat":"","ocean_post_title_bg_image_size":"","ocean_post_title_height":0,"ocean_post_title_bg_overlay":0.5,"ocean_post_title_bg_overlay_color":"","ocean_disable_breadcrumbs":"default","ocean_breadcrumbs_color":"","ocean_breadcrumbs_separator_color":"","ocean_breadcrumbs_links_color":"","ocean_breadcrumbs_links_hover_color":"","ocean_display_footer_widgets":"default","ocean_display_footer_bottom":"default","ocean_custom_footer_template":"0","omw_enable_modal_window":"enable","ocean_post_oembed":"","ocean_post_self_hosted_media":"","ocean_post_video_embed":"","ocean_link_format":"","ocean_link_format_target":"self","ocean_quote_format":"","ocean_quote_format_link":"post","ocean_gallery_link_images":"off","ocean_gallery_id":[],"footnotes":""},"categories":[4],"tags":[],"class_list":["post-540","post","type-post","status-publish","format-standard","has-post-thumbnail","hentry","category-blog","entry","has-media","owp-thumbs-layout-horizontal","owp-btn-normal","owp-tabs-layout-horizontal","has-no-thumbnails","has-product-nav"],"yoast_head":"<!-- This site is optimized with the Yoast SEO plugin v25.4 - https:\/\/yoast.com\/wordpress\/plugins\/seo\/ -->\n<title>L&#039;abeille (et le) philosophe - \u00e9tonnant voyage dans la ruche des sages - Graines de Miel<\/title>\n<meta name=\"description\" content=\"Graines de Miel - Le monde du miel et ses bienfaits dans votre vie - Vente, Informations, Partages - Happy&#039;cultrice en Loire-Atlantique au coeur du parc naturel de la Bri\u00e8re\" \/>\n<meta name=\"robots\" content=\"index, follow, max-snippet:-1, max-image-preview:large, max-video-preview:-1\" \/>\n<link rel=\"canonical\" href=\"https:\/\/www.grainesdemiel.com\/index.php\/2019\/07\/04\/labeille-et-le-philosophe-etonnant-voyage-dans-la-ruche-des-sages\/\" \/>\n<meta property=\"og:locale\" content=\"fr_FR\" \/>\n<meta property=\"og:type\" content=\"article\" \/>\n<meta property=\"og:title\" content=\"L&#039;abeille (et le) philosophe - \u00e9tonnant voyage dans la ruche des sages - Graines de Miel\" \/>\n<meta property=\"og:description\" content=\"Graines de Miel - Le monde du miel et ses bienfaits dans votre vie - Vente, Informations, Partages - Happy&#039;cultrice en Loire-Atlantique au coeur du parc naturel de la Bri\u00e8re\" \/>\n<meta property=\"og:url\" content=\"https:\/\/www.grainesdemiel.com\/index.php\/2019\/07\/04\/labeille-et-le-philosophe-etonnant-voyage-dans-la-ruche-des-sages\/\" \/>\n<meta property=\"og:site_name\" content=\"Graines de Miel\" \/>\n<meta property=\"article:published_time\" content=\"2019-07-04T16:05:54+00:00\" \/>\n<meta property=\"article:modified_time\" content=\"2019-07-04T16:39:08+00:00\" \/>\n<meta property=\"og:image\" content=\"https:\/\/www.grainesdemiel.com\/wp-content\/uploads\/2019\/07\/L-abeille-et-le-philosophe.jpg\" \/>\n\t<meta property=\"og:image:width\" content=\"340\" \/>\n\t<meta property=\"og:image:height\" content=\"340\" \/>\n\t<meta property=\"og:image:type\" content=\"image\/jpeg\" \/>\n<meta name=\"author\" content=\"admin2976\" \/>\n<meta name=\"twitter:card\" content=\"summary_large_image\" \/>\n<meta name=\"twitter:label1\" content=\"\u00c9crit par\" \/>\n\t<meta name=\"twitter:data1\" content=\"admin2976\" \/>\n\t<meta name=\"twitter:label2\" content=\"Dur\u00e9e de lecture estim\u00e9e\" \/>\n\t<meta name=\"twitter:data2\" content=\"1 minute\" \/>\n<script type=\"application\/ld+json\" class=\"yoast-schema-graph\">{\"@context\":\"https:\/\/schema.org\",\"@graph\":[{\"@type\":\"Article\",\"@id\":\"https:\/\/www.grainesdemiel.com\/index.php\/2019\/07\/04\/labeille-et-le-philosophe-etonnant-voyage-dans-la-ruche-des-sages\/#article\",\"isPartOf\":{\"@id\":\"https:\/\/www.grainesdemiel.com\/index.php\/2019\/07\/04\/labeille-et-le-philosophe-etonnant-voyage-dans-la-ruche-des-sages\/\"},\"author\":{\"name\":\"admin2976\",\"@id\":\"https:\/\/www.grainesdemiel.com\/#\/schema\/person\/60a6c38fb57e054d8dadaebef6624d56\"},\"headline\":\"L&rsquo;abeille (et le) philosophe &#8211; \u00e9tonnant voyage dans la ruche des sages\",\"datePublished\":\"2019-07-04T16:05:54+00:00\",\"dateModified\":\"2019-07-04T16:39:08+00:00\",\"mainEntityOfPage\":{\"@id\":\"https:\/\/www.grainesdemiel.com\/index.php\/2019\/07\/04\/labeille-et-le-philosophe-etonnant-voyage-dans-la-ruche-des-sages\/\"},\"wordCount\":172,\"commentCount\":0,\"publisher\":{\"@id\":\"https:\/\/www.grainesdemiel.com\/#organization\"},\"image\":{\"@id\":\"https:\/\/www.grainesdemiel.com\/index.php\/2019\/07\/04\/labeille-et-le-philosophe-etonnant-voyage-dans-la-ruche-des-sages\/#primaryimage\"},\"thumbnailUrl\":\"https:\/\/www.grainesdemiel.com\/wp-content\/uploads\/2019\/07\/L-abeille-et-le-philosophe.jpg\",\"articleSection\":[\"blog\"],\"inLanguage\":\"fr-FR\",\"potentialAction\":[{\"@type\":\"CommentAction\",\"name\":\"Comment\",\"target\":[\"https:\/\/www.grainesdemiel.com\/index.php\/2019\/07\/04\/labeille-et-le-philosophe-etonnant-voyage-dans-la-ruche-des-sages\/#respond\"]}]},{\"@type\":\"WebPage\",\"@id\":\"https:\/\/www.grainesdemiel.com\/index.php\/2019\/07\/04\/labeille-et-le-philosophe-etonnant-voyage-dans-la-ruche-des-sages\/\",\"url\":\"https:\/\/www.grainesdemiel.com\/index.php\/2019\/07\/04\/labeille-et-le-philosophe-etonnant-voyage-dans-la-ruche-des-sages\/\",\"name\":\"L'abeille (et le) philosophe - \u00e9tonnant voyage dans la ruche des sages - Graines de Miel\",\"isPartOf\":{\"@id\":\"https:\/\/www.grainesdemiel.com\/#website\"},\"primaryImageOfPage\":{\"@id\":\"https:\/\/www.grainesdemiel.com\/index.php\/2019\/07\/04\/labeille-et-le-philosophe-etonnant-voyage-dans-la-ruche-des-sages\/#primaryimage\"},\"image\":{\"@id\":\"https:\/\/www.grainesdemiel.com\/index.php\/2019\/07\/04\/labeille-et-le-philosophe-etonnant-voyage-dans-la-ruche-des-sages\/#primaryimage\"},\"thumbnailUrl\":\"https:\/\/www.grainesdemiel.com\/wp-content\/uploads\/2019\/07\/L-abeille-et-le-philosophe.jpg\",\"datePublished\":\"2019-07-04T16:05:54+00:00\",\"dateModified\":\"2019-07-04T16:39:08+00:00\",\"description\":\"Graines de Miel - Le monde du miel et ses bienfaits dans votre vie - Vente, Informations, Partages - Happy'cultrice en Loire-Atlantique au coeur du parc naturel de la Bri\u00e8re\",\"breadcrumb\":{\"@id\":\"https:\/\/www.grainesdemiel.com\/index.php\/2019\/07\/04\/labeille-et-le-philosophe-etonnant-voyage-dans-la-ruche-des-sages\/#breadcrumb\"},\"inLanguage\":\"fr-FR\",\"potentialAction\":[{\"@type\":\"ReadAction\",\"target\":[\"https:\/\/www.grainesdemiel.com\/index.php\/2019\/07\/04\/labeille-et-le-philosophe-etonnant-voyage-dans-la-ruche-des-sages\/\"]}]},{\"@type\":\"ImageObject\",\"inLanguage\":\"fr-FR\",\"@id\":\"https:\/\/www.grainesdemiel.com\/index.php\/2019\/07\/04\/labeille-et-le-philosophe-etonnant-voyage-dans-la-ruche-des-sages\/#primaryimage\",\"url\":\"https:\/\/www.grainesdemiel.com\/wp-content\/uploads\/2019\/07\/L-abeille-et-le-philosophe.jpg\",\"contentUrl\":\"https:\/\/www.grainesdemiel.com\/wp-content\/uploads\/2019\/07\/L-abeille-et-le-philosophe.jpg\",\"width\":340,\"height\":340},{\"@type\":\"BreadcrumbList\",\"@id\":\"https:\/\/www.grainesdemiel.com\/index.php\/2019\/07\/04\/labeille-et-le-philosophe-etonnant-voyage-dans-la-ruche-des-sages\/#breadcrumb\",\"itemListElement\":[{\"@type\":\"ListItem\",\"position\":1,\"name\":\"Accueil\",\"item\":\"https:\/\/www.grainesdemiel.com\/\"},{\"@type\":\"ListItem\",\"position\":2,\"name\":\"L&rsquo;abeille (et le) philosophe &#8211; \u00e9tonnant voyage dans la ruche des sages\"}]},{\"@type\":\"WebSite\",\"@id\":\"https:\/\/www.grainesdemiel.com\/#website\",\"url\":\"https:\/\/www.grainesdemiel.com\/\",\"name\":\"Graines de Miel\",\"description\":\"La Nature et ses Bienfaits dans notre Vie\",\"publisher\":{\"@id\":\"https:\/\/www.grainesdemiel.com\/#organization\"},\"potentialAction\":[{\"@type\":\"SearchAction\",\"target\":{\"@type\":\"EntryPoint\",\"urlTemplate\":\"https:\/\/www.grainesdemiel.com\/?s={search_term_string}\"},\"query-input\":{\"@type\":\"PropertyValueSpecification\",\"valueRequired\":true,\"valueName\":\"search_term_string\"}}],\"inLanguage\":\"fr-FR\"},{\"@type\":\"Organization\",\"@id\":\"https:\/\/www.grainesdemiel.com\/#organization\",\"name\":\"Graines de miel\",\"url\":\"https:\/\/www.grainesdemiel.com\/\",\"logo\":{\"@type\":\"ImageObject\",\"inLanguage\":\"fr-FR\",\"@id\":\"https:\/\/www.grainesdemiel.com\/#\/schema\/logo\/image\/\",\"url\":\"https:\/\/www.grainesdemiel.com\/wp-content\/uploads\/2018\/12\/logo-full-small-grainesdemiel.png\",\"contentUrl\":\"https:\/\/www.grainesdemiel.com\/wp-content\/uploads\/2018\/12\/logo-full-small-grainesdemiel.png\",\"width\":400,\"height\":145,\"caption\":\"Graines de miel\"},\"image\":{\"@id\":\"https:\/\/www.grainesdemiel.com\/#\/schema\/logo\/image\/\"}},{\"@type\":\"Person\",\"@id\":\"https:\/\/www.grainesdemiel.com\/#\/schema\/person\/60a6c38fb57e054d8dadaebef6624d56\",\"name\":\"admin2976\",\"image\":{\"@type\":\"ImageObject\",\"inLanguage\":\"fr-FR\",\"@id\":\"https:\/\/www.grainesdemiel.com\/#\/schema\/person\/image\/\",\"url\":\"https:\/\/secure.gravatar.com\/avatar\/13ccbede2ed4eed1eab8f478ae391ecb36f806a33e224489159bb06569e40dc5?s=96&d=mm&r=g\",\"contentUrl\":\"https:\/\/secure.gravatar.com\/avatar\/13ccbede2ed4eed1eab8f478ae391ecb36f806a33e224489159bb06569e40dc5?s=96&d=mm&r=g\",\"caption\":\"admin2976\"}}]}<\/script>\n<!-- \/ Yoast SEO plugin. -->","yoast_head_json":{"title":"L'abeille (et le) philosophe - \u00e9tonnant voyage dans la ruche des sages - Graines de Miel","description":"Graines de Miel - Le monde du miel et ses bienfaits dans votre vie - Vente, Informations, Partages - Happy'cultrice en Loire-Atlantique au coeur du parc naturel de la Bri\u00e8re","robots":{"index":"index","follow":"follow","max-snippet":"max-snippet:-1","max-image-preview":"max-image-preview:large","max-video-preview":"max-video-preview:-1"},"canonical":"https:\/\/www.grainesdemiel.com\/index.php\/2019\/07\/04\/labeille-et-le-philosophe-etonnant-voyage-dans-la-ruche-des-sages\/","og_locale":"fr_FR","og_type":"article","og_title":"L'abeille (et le) philosophe - \u00e9tonnant voyage dans la ruche des sages - Graines de Miel","og_description":"Graines de Miel - Le monde du miel et ses bienfaits dans votre vie - Vente, Informations, Partages - Happy'cultrice en Loire-Atlantique au coeur du parc naturel de la Bri\u00e8re","og_url":"https:\/\/www.grainesdemiel.com\/index.php\/2019\/07\/04\/labeille-et-le-philosophe-etonnant-voyage-dans-la-ruche-des-sages\/","og_site_name":"Graines de Miel","article_published_time":"2019-07-04T16:05:54+00:00","article_modified_time":"2019-07-04T16:39:08+00:00","og_image":[{"width":340,"height":340,"url":"https:\/\/www.grainesdemiel.com\/wp-content\/uploads\/2019\/07\/L-abeille-et-le-philosophe.jpg","type":"image\/jpeg"}],"author":"admin2976","twitter_card":"summary_large_image","twitter_misc":{"\u00c9crit par":"admin2976","Dur\u00e9e de lecture estim\u00e9e":"1 minute"},"schema":{"@context":"https:\/\/schema.org","@graph":[{"@type":"Article","@id":"https:\/\/www.grainesdemiel.com\/index.php\/2019\/07\/04\/labeille-et-le-philosophe-etonnant-voyage-dans-la-ruche-des-sages\/#article","isPartOf":{"@id":"https:\/\/www.grainesdemiel.com\/index.php\/2019\/07\/04\/labeille-et-le-philosophe-etonnant-voyage-dans-la-ruche-des-sages\/"},"author":{"name":"admin2976","@id":"https:\/\/www.grainesdemiel.com\/#\/schema\/person\/60a6c38fb57e054d8dadaebef6624d56"},"headline":"L&rsquo;abeille (et le) philosophe &#8211; \u00e9tonnant voyage dans la ruche des sages","datePublished":"2019-07-04T16:05:54+00:00","dateModified":"2019-07-04T16:39:08+00:00","mainEntityOfPage":{"@id":"https:\/\/www.grainesdemiel.com\/index.php\/2019\/07\/04\/labeille-et-le-philosophe-etonnant-voyage-dans-la-ruche-des-sages\/"},"wordCount":172,"commentCount":0,"publisher":{"@id":"https:\/\/www.grainesdemiel.com\/#organization"},"image":{"@id":"https:\/\/www.grainesdemiel.com\/index.php\/2019\/07\/04\/labeille-et-le-philosophe-etonnant-voyage-dans-la-ruche-des-sages\/#primaryimage"},"thumbnailUrl":"https:\/\/www.grainesdemiel.com\/wp-content\/uploads\/2019\/07\/L-abeille-et-le-philosophe.jpg","articleSection":["blog"],"inLanguage":"fr-FR","potentialAction":[{"@type":"CommentAction","name":"Comment","target":["https:\/\/www.grainesdemiel.com\/index.php\/2019\/07\/04\/labeille-et-le-philosophe-etonnant-voyage-dans-la-ruche-des-sages\/#respond"]}]},{"@type":"WebPage","@id":"https:\/\/www.grainesdemiel.com\/index.php\/2019\/07\/04\/labeille-et-le-philosophe-etonnant-voyage-dans-la-ruche-des-sages\/","url":"https:\/\/www.grainesdemiel.com\/index.php\/2019\/07\/04\/labeille-et-le-philosophe-etonnant-voyage-dans-la-ruche-des-sages\/","name":"L'abeille (et le) philosophe - \u00e9tonnant voyage dans la ruche des sages - Graines de Miel","isPartOf":{"@id":"https:\/\/www.grainesdemiel.com\/#website"},"primaryImageOfPage":{"@id":"https:\/\/www.grainesdemiel.com\/index.php\/2019\/07\/04\/labeille-et-le-philosophe-etonnant-voyage-dans-la-ruche-des-sages\/#primaryimage"},"image":{"@id":"https:\/\/www.grainesdemiel.com\/index.php\/2019\/07\/04\/labeille-et-le-philosophe-etonnant-voyage-dans-la-ruche-des-sages\/#primaryimage"},"thumbnailUrl":"https:\/\/www.grainesdemiel.com\/wp-content\/uploads\/2019\/07\/L-abeille-et-le-philosophe.jpg","datePublished":"2019-07-04T16:05:54+00:00","dateModified":"2019-07-04T16:39:08+00:00","description":"Graines de Miel - Le monde du miel et ses bienfaits dans votre vie - Vente, Informations, Partages - Happy'cultrice en Loire-Atlantique au coeur du parc naturel de la Bri\u00e8re","breadcrumb":{"@id":"https:\/\/www.grainesdemiel.com\/index.php\/2019\/07\/04\/labeille-et-le-philosophe-etonnant-voyage-dans-la-ruche-des-sages\/#breadcrumb"},"inLanguage":"fr-FR","potentialAction":[{"@type":"ReadAction","target":["https:\/\/www.grainesdemiel.com\/index.php\/2019\/07\/04\/labeille-et-le-philosophe-etonnant-voyage-dans-la-ruche-des-sages\/"]}]},{"@type":"ImageObject","inLanguage":"fr-FR","@id":"https:\/\/www.grainesdemiel.com\/index.php\/2019\/07\/04\/labeille-et-le-philosophe-etonnant-voyage-dans-la-ruche-des-sages\/#primaryimage","url":"https:\/\/www.grainesdemiel.com\/wp-content\/uploads\/2019\/07\/L-abeille-et-le-philosophe.jpg","contentUrl":"https:\/\/www.grainesdemiel.com\/wp-content\/uploads\/2019\/07\/L-abeille-et-le-philosophe.jpg","width":340,"height":340},{"@type":"BreadcrumbList","@id":"https:\/\/www.grainesdemiel.com\/index.php\/2019\/07\/04\/labeille-et-le-philosophe-etonnant-voyage-dans-la-ruche-des-sages\/#breadcrumb","itemListElement":[{"@type":"ListItem","position":1,"name":"Accueil","item":"https:\/\/www.grainesdemiel.com\/"},{"@type":"ListItem","position":2,"name":"L&rsquo;abeille (et le) philosophe &#8211; \u00e9tonnant voyage dans la ruche des sages"}]},{"@type":"WebSite","@id":"https:\/\/www.grainesdemiel.com\/#website","url":"https:\/\/www.grainesdemiel.com\/","name":"Graines de Miel","description":"La Nature et ses Bienfaits dans notre Vie","publisher":{"@id":"https:\/\/www.grainesdemiel.com\/#organization"},"potentialAction":[{"@type":"SearchAction","target":{"@type":"EntryPoint","urlTemplate":"https:\/\/www.grainesdemiel.com\/?s={search_term_string}"},"query-input":{"@type":"PropertyValueSpecification","valueRequired":true,"valueName":"search_term_string"}}],"inLanguage":"fr-FR"},{"@type":"Organization","@id":"https:\/\/www.grainesdemiel.com\/#organization","name":"Graines de miel","url":"https:\/\/www.grainesdemiel.com\/","logo":{"@type":"ImageObject","inLanguage":"fr-FR","@id":"https:\/\/www.grainesdemiel.com\/#\/schema\/logo\/image\/","url":"https:\/\/www.grainesdemiel.com\/wp-content\/uploads\/2018\/12\/logo-full-small-grainesdemiel.png","contentUrl":"https:\/\/www.grainesdemiel.com\/wp-content\/uploads\/2018\/12\/logo-full-small-grainesdemiel.png","width":400,"height":145,"caption":"Graines de miel"},"image":{"@id":"https:\/\/www.grainesdemiel.com\/#\/schema\/logo\/image\/"}},{"@type":"Person","@id":"https:\/\/www.grainesdemiel.com\/#\/schema\/person\/60a6c38fb57e054d8dadaebef6624d56","name":"admin2976","image":{"@type":"ImageObject","inLanguage":"fr-FR","@id":"https:\/\/www.grainesdemiel.com\/#\/schema\/person\/image\/","url":"https:\/\/secure.gravatar.com\/avatar\/13ccbede2ed4eed1eab8f478ae391ecb36f806a33e224489159bb06569e40dc5?s=96&d=mm&r=g","contentUrl":"https:\/\/secure.gravatar.com\/avatar\/13ccbede2ed4eed1eab8f478ae391ecb36f806a33e224489159bb06569e40dc5?s=96&d=mm&r=g","caption":"admin2976"}}]}},"_links":{"self":[{"href":"https:\/\/www.grainesdemiel.com\/index.php\/wp-json\/wp\/v2\/posts\/540","targetHints":{"allow":["GET"]}}],"collection":[{"href":"https:\/\/www.grainesdemiel.com\/index.php\/wp-json\/wp\/v2\/posts"}],"about":[{"href":"https:\/\/www.grainesdemiel.com\/index.php\/wp-json\/wp\/v2\/types\/post"}],"author":[{"embeddable":true,"href":"https:\/\/www.grainesdemiel.com\/index.php\/wp-json\/wp\/v2\/users\/1"}],"replies":[{"embeddable":true,"href":"https:\/\/www.grainesdemiel.com\/index.php\/wp-json\/wp\/v2\/comments?post=540"}],"version-history":[{"count":1,"href":"https:\/\/www.grainesdemiel.com\/index.php\/wp-json\/wp\/v2\/posts\/540\/revisions"}],"predecessor-version":[{"id":542,"href":"https:\/\/www.grainesdemiel.com\/index.php\/wp-json\/wp\/v2\/posts\/540\/revisions\/542"}],"wp:featuredmedia":[{"embeddable":true,"href":"https:\/\/www.grainesdemiel.com\/index.php\/wp-json\/wp\/v2\/media\/541"}],"wp:attachment":[{"href":"https:\/\/www.grainesdemiel.com\/index.php\/wp-json\/wp\/v2\/media?parent=540"}],"wp:term":[{"taxonomy":"category","embeddable":true,"href":"https:\/\/www.grainesdemiel.com\/index.php\/wp-json\/wp\/v2\/categories?post=540"},{"taxonomy":"post_tag","embeddable":true,"href":"https:\/\/www.grainesdemiel.com\/index.php\/wp-json\/wp\/v2\/tags?post=540"}],"curies":[{"name":"wp","href":"https:\/\/api.w.org\/{rel}","templated":true}]}}