{"id":110,"date":"2018-12-10T16:33:54","date_gmt":"2018-12-10T15:33:54","guid":{"rendered":"http:\/\/grainesdemiel.com\/?p=110"},"modified":"2018-12-10T16:41:41","modified_gmt":"2018-12-10T15:41:41","slug":"nos-premieres-installations-de-ruches","status":"publish","type":"post","link":"https:\/\/www.grainesdemiel.com\/index.php\/2018\/12\/10\/nos-premieres-installations-de-ruches\/","title":{"rendered":"Nos premi\u00e8res installations de ruches"},"content":{"rendered":"\t\t<div data-elementor-type=\"wp-post\" data-elementor-id=\"110\" class=\"elementor elementor-110 elementor-bc-flex-widget\" data-elementor-post-type=\"post\">\n\t\t\t\t\t\t<section class=\"elementor-section elementor-top-section elementor-element elementor-element-735ea46 elementor-section-boxed elementor-section-height-default elementor-section-height-default\" data-id=\"735ea46\" data-element_type=\"section\">\n\t\t\t\t\t\t<div class=\"elementor-container elementor-column-gap-default\">\n\t\t\t\t\t<div class=\"elementor-column elementor-col-50 elementor-top-column elementor-element elementor-element-e08bd76\" data-id=\"e08bd76\" data-element_type=\"column\">\n\t\t\t<div class=\"elementor-widget-wrap elementor-element-populated\">\n\t\t\t\t\t\t<div class=\"elementor-element elementor-element-0f28cb3 elementor-widget elementor-widget-image\" data-id=\"0f28cb3\" data-element_type=\"widget\" data-widget_type=\"image.default\">\n\t\t\t\t<div class=\"elementor-widget-container\">\n\t\t\t\t\t\t\t\t\t\t\t\t\t\t\t<img fetchpriority=\"high\" decoding=\"async\" width=\"1024\" height=\"576\" src=\"https:\/\/www.grainesdemiel.com\/wp-content\/uploads\/2018\/12\/DSC_0608-1024x576.jpg\" class=\"attachment-large size-large wp-image-111\" alt=\"\" srcset=\"https:\/\/www.grainesdemiel.com\/wp-content\/uploads\/2018\/12\/DSC_0608-1024x576.jpg 1024w, https:\/\/www.grainesdemiel.com\/wp-content\/uploads\/2018\/12\/DSC_0608-300x169.jpg 300w, https:\/\/www.grainesdemiel.com\/wp-content\/uploads\/2018\/12\/DSC_0608-600x337.jpg 600w, https:\/\/www.grainesdemiel.com\/wp-content\/uploads\/2018\/12\/DSC_0608-768x432.jpg 768w\" sizes=\"(max-width: 1024px) 100vw, 1024px\" \/>\t\t\t\t\t\t\t\t\t\t\t\t\t\t\t<\/div>\n\t\t\t\t<\/div>\n\t\t\t\t\t<\/div>\n\t\t<\/div>\n\t\t\t\t<div class=\"elementor-column elementor-col-50 elementor-top-column elementor-element elementor-element-62fce24\" data-id=\"62fce24\" data-element_type=\"column\">\n\t\t\t<div class=\"elementor-widget-wrap elementor-element-populated\">\n\t\t\t\t\t\t<div class=\"elementor-element elementor-element-b44c7f4 elementor-widget elementor-widget-text-editor\" data-id=\"b44c7f4\" data-element_type=\"widget\" data-widget_type=\"text-editor.default\">\n\t\t\t\t<div class=\"elementor-widget-container\">\n\t\t\t\t\t\t\t\t\t<p>Le rucher est l\u2019<strong>ensemble des ruches d\u2019abeilles<\/strong>\u00a0qu\u2019un apiculteur place dans un certain endroit pour \u00e9lever les abeilles et produire du miel. Que ce rucher soit un loisir ou une source de revenu, qu\u2019il soit traditionnel ou moderne, pastoral ou s\u00e9dentaire, ou encore exclusif, il doit \u00eatre entretenu et bien organis\u00e9. Une condition sine qua non pour garantir\u00a0<strong>la qualit\u00e9 de ses abeilles et celle du miel r\u00e9colt\u00e9<\/strong>.<\/p>\t\t\t\t\t\t\t\t<\/div>\n\t\t\t\t<\/div>\n\t\t\t\t\t<\/div>\n\t\t<\/div>\n\t\t\t\t\t<\/div>\n\t\t<\/section>\n\t\t\t\t<section class=\"elementor-section elementor-top-section elementor-element elementor-element-794f704 elementor-section-boxed elementor-section-height-default elementor-section-height-default\" data-id=\"794f704\" data-element_type=\"section\">\n\t\t\t\t\t\t<div class=\"elementor-container elementor-column-gap-default\">\n\t\t\t\t\t<div class=\"elementor-column elementor-col-100 elementor-top-column elementor-element elementor-element-c913727\" data-id=\"c913727\" data-element_type=\"column\">\n\t\t\t<div class=\"elementor-widget-wrap elementor-element-populated\">\n\t\t\t\t\t\t<div class=\"elementor-element elementor-element-af0191f elementor-widget elementor-widget-text-editor\" data-id=\"af0191f\" data-element_type=\"widget\" data-widget_type=\"text-editor.default\">\n\t\t\t\t<div class=\"elementor-widget-container\">\n\t\t\t\t\t\t\t\t\t<h2>Comment bien organiser son rucher<\/h2><p>L\u2019apiculteur doit savoir, avant tout, que bien organiser un rucher, c\u2019est non seulement s\u2019assurer de tirer profit des investissements consacr\u00e9 \u00e0 la cr\u00e9ation de son projet d\u2019apiculture, mais aussi et surtout, pour tout \u00ab berger d\u2019abeilles \u00bb,\u00a0<strong>offrir \u00e0 ses colonies des conditions de vie propice<\/strong>\u00a0pour passer une bonne saison apicole. Outre les r\u00e9glementations en vigueur, la\u00a0<strong>bonne organisation d\u2019un rucher<\/strong>\u00a0d\u00e9pend d\u2019un certain nombre de facteurs.<\/p><h2>L\u2019emplacement du rucher<\/h2><p>L\u2019organisation du rucher passe avant tout par le\u00a0<strong>choix de l\u2019endroit destin\u00e9 \u00e0 recevoir les ruches<\/strong>. Ce choix est un facteur d\u00e9terminant quant \u00e0 la bonne sant\u00e9 des abeilles et la qualit\u00e9 du miel r\u00e9colt\u00e9. C\u2019est pourquoi, l\u2019apiculteur doit v\u00e9rifier que cet endroit convient bien \u00e0 son projet d\u2019apiculture.<\/p><p>L\u2019emplacement choisi pour\u00a0<strong>installer le rucher<\/strong>\u00a0doit r\u00e9pondre \u00e0 certains crit\u00e8res :<\/p><ul><li>calme<\/li><li>loin de toute source de nuisance chimique<\/li><li>terrain d\u00e9broussaill\u00e9<\/li><li>bien \u00e9clair\u00e9<\/li><li>ensoleill\u00e9, mais prot\u00e9g\u00e9 des chaleurs excessives<\/li><li>\u00e0 l\u2019abri du vent, et des courants d\u2019air (obstacles naturels)<\/li><li>sec, loin de l\u2019humidit\u00e9<\/li><li>\u00e0 proximit\u00e9 de plantes, arbres et fleurs mellif\u00e8res, en planter si besoin<\/li><li>avec une large gamme de plantes \u00e0 proximit\u00e9 pour s\u2019assurer d\u2019une floraison sur toute l\u2019ann\u00e9e<\/li><li>\u00e0 proximit\u00e9 d\u2019un point d\u2019eau<\/li><li>\u00e9loign\u00e9 des autres ruchers de la m\u00eame exploitation (3-4 km), et ceux du voisinage (7 km)<\/li><\/ul><h2>L\u2019organisation des ruches<\/h2><p>Une fois l\u2019emplacement choisi et am\u00e9nag\u00e9, l\u2019apiculteur doit se livrer \u00e0 une autre t\u00e2che, non moins importante que la premi\u00e8re : l\u2019<strong>organisation des\u00a0<a title=\"grand choix de ruches\" href=\"https:\/\/www.apiculture.net\/41-ruches\" target=\"_blank\" rel=\"noopener\">ruches<\/a><\/strong>.<\/p><ul><li>pos\u00e9es sur une hauteur de 30 \u00e0 40 cm, pour \u00e9viter l\u2019humidit\u00e9<\/li><li>distance entre les ruches : entre 2 et 2.5 m\u00e8tres<\/li><li>distance entre les rang\u00e9es : pr\u00e8s de 3 m\u00e8tres<\/li><li>orientation par rapport au soleil (sud-est, sud-ouest) : elle varie d\u2019une ruche \u00e0 l\u2019autre, pour que chacune puisse capter les rayons de soleil le plus t\u00f4t possible<\/li><li>planche de vol dirig\u00e9e vers le sud<\/li><li>\u00e0 l\u2019horizontale, avec une petite inclinaison vers l\u2019avant (faciliter l\u2019\u00e9vacuation des d\u00e9chets)<\/li><li>disposition pr\u00e9conis\u00e9e : en forme de fer \u00e0 cheval<\/li><li>orientation des entr\u00e9es : pas toutes dans le m\u00eame sens pour ne pas perturber les abeilles et les induire en erreur<\/li><\/ul><h2>Bien organiser, mais encore \u2026<\/h2><p><a title=\"livre sur la cr\u00e9ation d'une ruche\" href=\"https:\/\/www.apiculture.net\/debuter-en-apiculture\/40-cr-er-son-rucher.html\" target=\"_blank\" rel=\"noopener\">Bien organiser son rucher<\/a>, c\u2019est le pr\u00e9parer \u00e0 passer une bonne saison apicole et se pr\u00e9parer \u00e0 r\u00e9colter du bon miel. C\u2019est pourquoi, il faut sans cesse le travailler. G\u00e9n\u00e9ralement, une seule ruche n\u00e9cessitera de la part de l\u2019apiculteur un temps de travail d\u2019environ 1h30, toutes les 2 semaines. Une activit\u00e9 qui doit rester r\u00e9guli\u00e8re et s\u2019\u00e9tendre sur toute l\u2019ann\u00e9e.<\/p>\t\t\t\t\t\t\t\t<\/div>\n\t\t\t\t<\/div>\n\t\t\t\t\t<\/div>\n\t\t<\/div>\n\t\t\t\t\t<\/div>\n\t\t<\/section>\n\t\t\t\t<\/div>\n\t\t","protected":false},"excerpt":{"rendered":"<p>Le rucher est l\u2019ensemble des ruches d\u2019abeilles\u00a0qu\u2019un apiculteur place dans un certain endroit pour \u00e9lever les abeilles et produire du miel. Que ce rucher soit un loisir ou une source de revenu, qu\u2019il soit traditionnel ou moderne, pastoral ou s\u00e9dentaire, ou encore exclusif, il doit \u00eatre entretenu et bien organis\u00e9. Une condition sine qua non [&hellip;]<\/p>\n","protected":false},"author":1,"featured_media":111,"comment_status":"open","ping_status":"open","sticky":false,"template":"","format":"standard","meta":{"ocean_post_layout":"","ocean_both_sidebars_style":"","ocean_both_sidebars_content_width":0,"ocean_both_sidebars_sidebars_width":0,"ocean_sidebar":"0","ocean_second_sidebar":"0","ocean_disable_margins":"enable","ocean_add_body_class":"","ocean_shortcode_before_top_bar":"","ocean_shortcode_after_top_bar":"","ocean_shortcode_before_header":"","ocean_shortcode_after_header":"","ocean_has_shortcode":"","ocean_shortcode_after_title":"","ocean_shortcode_before_footer_widgets":"","ocean_shortcode_after_footer_widgets":"","ocean_shortcode_before_footer_bottom":"","ocean_shortcode_after_footer_bottom":"","ocean_display_top_bar":"default","ocean_display_header":"default","ocean_header_style":"","ocean_center_header_left_menu":"0","ocean_custom_header_template":"0","ocean_custom_logo":0,"ocean_custom_retina_logo":0,"ocean_custom_logo_max_width":0,"ocean_custom_logo_tablet_max_width":0,"ocean_custom_logo_mobile_max_width":0,"ocean_custom_logo_max_height":0,"ocean_custom_logo_tablet_max_height":0,"ocean_custom_logo_mobile_max_height":0,"ocean_header_custom_menu":"0","ocean_menu_typo_font_family":"0","ocean_menu_typo_font_subset":"","ocean_menu_typo_font_size":0,"ocean_menu_typo_font_size_tablet":0,"ocean_menu_typo_font_size_mobile":0,"ocean_menu_typo_font_size_unit":"px","ocean_menu_typo_font_weight":"","ocean_menu_typo_font_weight_tablet":"","ocean_menu_typo_font_weight_mobile":"","ocean_menu_typo_transform":"","ocean_menu_typo_transform_tablet":"","ocean_menu_typo_transform_mobile":"","ocean_menu_typo_line_height":0,"ocean_menu_typo_line_height_tablet":0,"ocean_menu_typo_line_height_mobile":0,"ocean_menu_typo_line_height_unit":"","ocean_menu_typo_spacing":0,"ocean_menu_typo_spacing_tablet":0,"ocean_menu_typo_spacing_mobile":0,"ocean_menu_typo_spacing_unit":"","ocean_menu_link_color":"","ocean_menu_link_color_hover":"","ocean_menu_link_color_active":"","ocean_menu_link_background":"","ocean_menu_link_hover_background":"","ocean_menu_link_active_background":"","ocean_menu_social_links_bg":"","ocean_menu_social_hover_links_bg":"","ocean_menu_social_links_color":"","ocean_menu_social_hover_links_color":"","ocean_disable_title":"default","ocean_disable_heading":"default","ocean_post_title":"","ocean_post_subheading":"","ocean_post_title_style":"","ocean_post_title_background_color":"","ocean_post_title_background":0,"ocean_post_title_bg_image_position":"","ocean_post_title_bg_image_attachment":"","ocean_post_title_bg_image_repeat":"","ocean_post_title_bg_image_size":"","ocean_post_title_height":0,"ocean_post_title_bg_overlay":0.5,"ocean_post_title_bg_overlay_color":"","ocean_disable_breadcrumbs":"default","ocean_breadcrumbs_color":"","ocean_breadcrumbs_separator_color":"","ocean_breadcrumbs_links_color":"","ocean_breadcrumbs_links_hover_color":"","ocean_display_footer_widgets":"default","ocean_display_footer_bottom":"default","ocean_custom_footer_template":"0","omw_enable_modal_window":"enable","ocean_post_oembed":"","ocean_post_self_hosted_media":"","ocean_post_video_embed":"","ocean_link_format":"","ocean_link_format_target":"self","ocean_quote_format":"","ocean_quote_format_link":"post","ocean_gallery_link_images":"off","ocean_gallery_id":[],"footnotes":""},"categories":[4],"tags":[],"class_list":["post-110","post","type-post","status-publish","format-standard","has-post-thumbnail","hentry","category-blog","entry","has-media","owp-thumbs-layout-horizontal","owp-btn-normal","owp-tabs-layout-horizontal","has-no-thumbnails","has-product-nav"],"yoast_head":"<!-- This site is optimized with the Yoast SEO plugin v25.4 - https:\/\/yoast.com\/wordpress\/plugins\/seo\/ -->\n<title>Nos premi\u00e8res installations de ruches - Graines de Miel<\/title>\n<meta name=\"description\" content=\"Graines de Miel - Le monde du miel et ses bienfaits dans votre vie - Vente, Informations, Partages - Happy&#039;cultrice en Loire-Atlantique au coeur du parc naturel de la Bri\u00e8re\" \/>\n<meta name=\"robots\" content=\"index, follow, max-snippet:-1, max-image-preview:large, max-video-preview:-1\" \/>\n<link rel=\"canonical\" href=\"https:\/\/www.grainesdemiel.com\/index.php\/2018\/12\/10\/nos-premieres-installations-de-ruches\/\" \/>\n<meta property=\"og:locale\" content=\"fr_FR\" \/>\n<meta property=\"og:type\" content=\"article\" \/>\n<meta property=\"og:title\" content=\"Nos premi\u00e8res installations de ruches - Graines de Miel\" \/>\n<meta property=\"og:description\" content=\"Graines de Miel - Le monde du miel et ses bienfaits dans votre vie - Vente, Informations, Partages - Happy&#039;cultrice en Loire-Atlantique au coeur du parc naturel de la Bri\u00e8re\" \/>\n<meta property=\"og:url\" content=\"https:\/\/www.grainesdemiel.com\/index.php\/2018\/12\/10\/nos-premieres-installations-de-ruches\/\" \/>\n<meta property=\"og:site_name\" content=\"Graines de Miel\" \/>\n<meta property=\"article:published_time\" content=\"2018-12-10T15:33:54+00:00\" \/>\n<meta property=\"article:modified_time\" content=\"2018-12-10T15:41:41+00:00\" \/>\n<meta property=\"og:image\" content=\"https:\/\/www.grainesdemiel.com\/wp-content\/uploads\/2018\/12\/DSC_0608-1024x576.jpg\" \/>\n\t<meta property=\"og:image:width\" content=\"1024\" \/>\n\t<meta property=\"og:image:height\" content=\"576\" \/>\n\t<meta property=\"og:image:type\" content=\"image\/jpeg\" \/>\n<meta name=\"author\" content=\"admin2976\" \/>\n<meta name=\"twitter:card\" content=\"summary_large_image\" \/>\n<meta name=\"twitter:label1\" content=\"\u00c9crit par\" \/>\n\t<meta name=\"twitter:data1\" content=\"admin2976\" \/>\n\t<meta name=\"twitter:label2\" content=\"Dur\u00e9e de lecture estim\u00e9e\" \/>\n\t<meta name=\"twitter:data2\" content=\"3 minutes\" \/>\n<script type=\"application\/ld+json\" class=\"yoast-schema-graph\">{\"@context\":\"https:\/\/schema.org\",\"@graph\":[{\"@type\":\"Article\",\"@id\":\"https:\/\/www.grainesdemiel.com\/index.php\/2018\/12\/10\/nos-premieres-installations-de-ruches\/#article\",\"isPartOf\":{\"@id\":\"https:\/\/www.grainesdemiel.com\/index.php\/2018\/12\/10\/nos-premieres-installations-de-ruches\/\"},\"author\":{\"name\":\"admin2976\",\"@id\":\"https:\/\/www.grainesdemiel.com\/#\/schema\/person\/60a6c38fb57e054d8dadaebef6624d56\"},\"headline\":\"Nos premi\u00e8res installations de ruches\",\"datePublished\":\"2018-12-10T15:33:54+00:00\",\"dateModified\":\"2018-12-10T15:41:41+00:00\",\"mainEntityOfPage\":{\"@id\":\"https:\/\/www.grainesdemiel.com\/index.php\/2018\/12\/10\/nos-premieres-installations-de-ruches\/\"},\"wordCount\":537,\"commentCount\":0,\"publisher\":{\"@id\":\"https:\/\/www.grainesdemiel.com\/#organization\"},\"image\":{\"@id\":\"https:\/\/www.grainesdemiel.com\/index.php\/2018\/12\/10\/nos-premieres-installations-de-ruches\/#primaryimage\"},\"thumbnailUrl\":\"https:\/\/www.grainesdemiel.com\/wp-content\/uploads\/2018\/12\/DSC_0608.jpg\",\"articleSection\":[\"blog\"],\"inLanguage\":\"fr-FR\",\"potentialAction\":[{\"@type\":\"CommentAction\",\"name\":\"Comment\",\"target\":[\"https:\/\/www.grainesdemiel.com\/index.php\/2018\/12\/10\/nos-premieres-installations-de-ruches\/#respond\"]}]},{\"@type\":\"WebPage\",\"@id\":\"https:\/\/www.grainesdemiel.com\/index.php\/2018\/12\/10\/nos-premieres-installations-de-ruches\/\",\"url\":\"https:\/\/www.grainesdemiel.com\/index.php\/2018\/12\/10\/nos-premieres-installations-de-ruches\/\",\"name\":\"Nos premi\u00e8res installations de ruches - Graines de Miel\",\"isPartOf\":{\"@id\":\"https:\/\/www.grainesdemiel.com\/#website\"},\"primaryImageOfPage\":{\"@id\":\"https:\/\/www.grainesdemiel.com\/index.php\/2018\/12\/10\/nos-premieres-installations-de-ruches\/#primaryimage\"},\"image\":{\"@id\":\"https:\/\/www.grainesdemiel.com\/index.php\/2018\/12\/10\/nos-premieres-installations-de-ruches\/#primaryimage\"},\"thumbnailUrl\":\"https:\/\/www.grainesdemiel.com\/wp-content\/uploads\/2018\/12\/DSC_0608.jpg\",\"datePublished\":\"2018-12-10T15:33:54+00:00\",\"dateModified\":\"2018-12-10T15:41:41+00:00\",\"description\":\"Graines de Miel - Le monde du miel et ses bienfaits dans votre vie - Vente, Informations, Partages - Happy'cultrice en Loire-Atlantique au coeur du parc naturel de la Bri\u00e8re\",\"breadcrumb\":{\"@id\":\"https:\/\/www.grainesdemiel.com\/index.php\/2018\/12\/10\/nos-premieres-installations-de-ruches\/#breadcrumb\"},\"inLanguage\":\"fr-FR\",\"potentialAction\":[{\"@type\":\"ReadAction\",\"target\":[\"https:\/\/www.grainesdemiel.com\/index.php\/2018\/12\/10\/nos-premieres-installations-de-ruches\/\"]}]},{\"@type\":\"ImageObject\",\"inLanguage\":\"fr-FR\",\"@id\":\"https:\/\/www.grainesdemiel.com\/index.php\/2018\/12\/10\/nos-premieres-installations-de-ruches\/#primaryimage\",\"url\":\"https:\/\/www.grainesdemiel.com\/wp-content\/uploads\/2018\/12\/DSC_0608.jpg\",\"contentUrl\":\"https:\/\/www.grainesdemiel.com\/wp-content\/uploads\/2018\/12\/DSC_0608.jpg\",\"width\":3920,\"height\":2204},{\"@type\":\"BreadcrumbList\",\"@id\":\"https:\/\/www.grainesdemiel.com\/index.php\/2018\/12\/10\/nos-premieres-installations-de-ruches\/#breadcrumb\",\"itemListElement\":[{\"@type\":\"ListItem\",\"position\":1,\"name\":\"Accueil\",\"item\":\"https:\/\/www.grainesdemiel.com\/\"},{\"@type\":\"ListItem\",\"position\":2,\"name\":\"Nos premi\u00e8res installations de ruches\"}]},{\"@type\":\"WebSite\",\"@id\":\"https:\/\/www.grainesdemiel.com\/#website\",\"url\":\"https:\/\/www.grainesdemiel.com\/\",\"name\":\"Graines de Miel\",\"description\":\"La Nature et ses Bienfaits dans notre Vie\",\"publisher\":{\"@id\":\"https:\/\/www.grainesdemiel.com\/#organization\"},\"potentialAction\":[{\"@type\":\"SearchAction\",\"target\":{\"@type\":\"EntryPoint\",\"urlTemplate\":\"https:\/\/www.grainesdemiel.com\/?s={search_term_string}\"},\"query-input\":{\"@type\":\"PropertyValueSpecification\",\"valueRequired\":true,\"valueName\":\"search_term_string\"}}],\"inLanguage\":\"fr-FR\"},{\"@type\":\"Organization\",\"@id\":\"https:\/\/www.grainesdemiel.com\/#organization\",\"name\":\"Graines de miel\",\"url\":\"https:\/\/www.grainesdemiel.com\/\",\"logo\":{\"@type\":\"ImageObject\",\"inLanguage\":\"fr-FR\",\"@id\":\"https:\/\/www.grainesdemiel.com\/#\/schema\/logo\/image\/\",\"url\":\"https:\/\/www.grainesdemiel.com\/wp-content\/uploads\/2018\/12\/logo-full-small-grainesdemiel.png\",\"contentUrl\":\"https:\/\/www.grainesdemiel.com\/wp-content\/uploads\/2018\/12\/logo-full-small-grainesdemiel.png\",\"width\":400,\"height\":145,\"caption\":\"Graines de miel\"},\"image\":{\"@id\":\"https:\/\/www.grainesdemiel.com\/#\/schema\/logo\/image\/\"}},{\"@type\":\"Person\",\"@id\":\"https:\/\/www.grainesdemiel.com\/#\/schema\/person\/60a6c38fb57e054d8dadaebef6624d56\",\"name\":\"admin2976\",\"image\":{\"@type\":\"ImageObject\",\"inLanguage\":\"fr-FR\",\"@id\":\"https:\/\/www.grainesdemiel.com\/#\/schema\/person\/image\/\",\"url\":\"https:\/\/secure.gravatar.com\/avatar\/13ccbede2ed4eed1eab8f478ae391ecb36f806a33e224489159bb06569e40dc5?s=96&d=mm&r=g\",\"contentUrl\":\"https:\/\/secure.gravatar.com\/avatar\/13ccbede2ed4eed1eab8f478ae391ecb36f806a33e224489159bb06569e40dc5?s=96&d=mm&r=g\",\"caption\":\"admin2976\"}}]}<\/script>\n<!-- \/ Yoast SEO plugin. -->","yoast_head_json":{"title":"Nos premi\u00e8res installations de ruches - Graines de Miel","description":"Graines de Miel - Le monde du miel et ses bienfaits dans votre vie - Vente, Informations, Partages - Happy'cultrice en Loire-Atlantique au coeur du parc naturel de la Bri\u00e8re","robots":{"index":"index","follow":"follow","max-snippet":"max-snippet:-1","max-image-preview":"max-image-preview:large","max-video-preview":"max-video-preview:-1"},"canonical":"https:\/\/www.grainesdemiel.com\/index.php\/2018\/12\/10\/nos-premieres-installations-de-ruches\/","og_locale":"fr_FR","og_type":"article","og_title":"Nos premi\u00e8res installations de ruches - Graines de Miel","og_description":"Graines de Miel - Le monde du miel et ses bienfaits dans votre vie - Vente, Informations, Partages - Happy'cultrice en Loire-Atlantique au coeur du parc naturel de la Bri\u00e8re","og_url":"https:\/\/www.grainesdemiel.com\/index.php\/2018\/12\/10\/nos-premieres-installations-de-ruches\/","og_site_name":"Graines de Miel","article_published_time":"2018-12-10T15:33:54+00:00","article_modified_time":"2018-12-10T15:41:41+00:00","og_image":[{"width":1024,"height":576,"url":"https:\/\/www.grainesdemiel.com\/wp-content\/uploads\/2018\/12\/DSC_0608-1024x576.jpg","type":"image\/jpeg"}],"author":"admin2976","twitter_card":"summary_large_image","twitter_misc":{"\u00c9crit par":"admin2976","Dur\u00e9e de lecture estim\u00e9e":"3 minutes"},"schema":{"@context":"https:\/\/schema.org","@graph":[{"@type":"Article","@id":"https:\/\/www.grainesdemiel.com\/index.php\/2018\/12\/10\/nos-premieres-installations-de-ruches\/#article","isPartOf":{"@id":"https:\/\/www.grainesdemiel.com\/index.php\/2018\/12\/10\/nos-premieres-installations-de-ruches\/"},"author":{"name":"admin2976","@id":"https:\/\/www.grainesdemiel.com\/#\/schema\/person\/60a6c38fb57e054d8dadaebef6624d56"},"headline":"Nos premi\u00e8res installations de ruches","datePublished":"2018-12-10T15:33:54+00:00","dateModified":"2018-12-10T15:41:41+00:00","mainEntityOfPage":{"@id":"https:\/\/www.grainesdemiel.com\/index.php\/2018\/12\/10\/nos-premieres-installations-de-ruches\/"},"wordCount":537,"commentCount":0,"publisher":{"@id":"https:\/\/www.grainesdemiel.com\/#organization"},"image":{"@id":"https:\/\/www.grainesdemiel.com\/index.php\/2018\/12\/10\/nos-premieres-installations-de-ruches\/#primaryimage"},"thumbnailUrl":"https:\/\/www.grainesdemiel.com\/wp-content\/uploads\/2018\/12\/DSC_0608.jpg","articleSection":["blog"],"inLanguage":"fr-FR","potentialAction":[{"@type":"CommentAction","name":"Comment","target":["https:\/\/www.grainesdemiel.com\/index.php\/2018\/12\/10\/nos-premieres-installations-de-ruches\/#respond"]}]},{"@type":"WebPage","@id":"https:\/\/www.grainesdemiel.com\/index.php\/2018\/12\/10\/nos-premieres-installations-de-ruches\/","url":"https:\/\/www.grainesdemiel.com\/index.php\/2018\/12\/10\/nos-premieres-installations-de-ruches\/","name":"Nos premi\u00e8res installations de ruches - Graines de Miel","isPartOf":{"@id":"https:\/\/www.grainesdemiel.com\/#website"},"primaryImageOfPage":{"@id":"https:\/\/www.grainesdemiel.com\/index.php\/2018\/12\/10\/nos-premieres-installations-de-ruches\/#primaryimage"},"image":{"@id":"https:\/\/www.grainesdemiel.com\/index.php\/2018\/12\/10\/nos-premieres-installations-de-ruches\/#primaryimage"},"thumbnailUrl":"https:\/\/www.grainesdemiel.com\/wp-content\/uploads\/2018\/12\/DSC_0608.jpg","datePublished":"2018-12-10T15:33:54+00:00","dateModified":"2018-12-10T15:41:41+00:00","description":"Graines de Miel - Le monde du miel et ses bienfaits dans votre vie - Vente, Informations, Partages - Happy'cultrice en Loire-Atlantique au coeur du parc naturel de la Bri\u00e8re","breadcrumb":{"@id":"https:\/\/www.grainesdemiel.com\/index.php\/2018\/12\/10\/nos-premieres-installations-de-ruches\/#breadcrumb"},"inLanguage":"fr-FR","potentialAction":[{"@type":"ReadAction","target":["https:\/\/www.grainesdemiel.com\/index.php\/2018\/12\/10\/nos-premieres-installations-de-ruches\/"]}]},{"@type":"ImageObject","inLanguage":"fr-FR","@id":"https:\/\/www.grainesdemiel.com\/index.php\/2018\/12\/10\/nos-premieres-installations-de-ruches\/#primaryimage","url":"https:\/\/www.grainesdemiel.com\/wp-content\/uploads\/2018\/12\/DSC_0608.jpg","contentUrl":"https:\/\/www.grainesdemiel.com\/wp-content\/uploads\/2018\/12\/DSC_0608.jpg","width":3920,"height":2204},{"@type":"BreadcrumbList","@id":"https:\/\/www.grainesdemiel.com\/index.php\/2018\/12\/10\/nos-premieres-installations-de-ruches\/#breadcrumb","itemListElement":[{"@type":"ListItem","position":1,"name":"Accueil","item":"https:\/\/www.grainesdemiel.com\/"},{"@type":"ListItem","position":2,"name":"Nos premi\u00e8res installations de ruches"}]},{"@type":"WebSite","@id":"https:\/\/www.grainesdemiel.com\/#website","url":"https:\/\/www.grainesdemiel.com\/","name":"Graines de Miel","description":"La Nature et ses Bienfaits dans notre Vie","publisher":{"@id":"https:\/\/www.grainesdemiel.com\/#organization"},"potentialAction":[{"@type":"SearchAction","target":{"@type":"EntryPoint","urlTemplate":"https:\/\/www.grainesdemiel.com\/?s={search_term_string}"},"query-input":{"@type":"PropertyValueSpecification","valueRequired":true,"valueName":"search_term_string"}}],"inLanguage":"fr-FR"},{"@type":"Organization","@id":"https:\/\/www.grainesdemiel.com\/#organization","name":"Graines de miel","url":"https:\/\/www.grainesdemiel.com\/","logo":{"@type":"ImageObject","inLanguage":"fr-FR","@id":"https:\/\/www.grainesdemiel.com\/#\/schema\/logo\/image\/","url":"https:\/\/www.grainesdemiel.com\/wp-content\/uploads\/2018\/12\/logo-full-small-grainesdemiel.png","contentUrl":"https:\/\/www.grainesdemiel.com\/wp-content\/uploads\/2018\/12\/logo-full-small-grainesdemiel.png","width":400,"height":145,"caption":"Graines de miel"},"image":{"@id":"https:\/\/www.grainesdemiel.com\/#\/schema\/logo\/image\/"}},{"@type":"Person","@id":"https:\/\/www.grainesdemiel.com\/#\/schema\/person\/60a6c38fb57e054d8dadaebef6624d56","name":"admin2976","image":{"@type":"ImageObject","inLanguage":"fr-FR","@id":"https:\/\/www.grainesdemiel.com\/#\/schema\/person\/image\/","url":"https:\/\/secure.gravatar.com\/avatar\/13ccbede2ed4eed1eab8f478ae391ecb36f806a33e224489159bb06569e40dc5?s=96&d=mm&r=g","contentUrl":"https:\/\/secure.gravatar.com\/avatar\/13ccbede2ed4eed1eab8f478ae391ecb36f806a33e224489159bb06569e40dc5?s=96&d=mm&r=g","caption":"admin2976"}}]}},"_links":{"self":[{"href":"https:\/\/www.grainesdemiel.com\/index.php\/wp-json\/wp\/v2\/posts\/110","targetHints":{"allow":["GET"]}}],"collection":[{"href":"https:\/\/www.grainesdemiel.com\/index.php\/wp-json\/wp\/v2\/posts"}],"about":[{"href":"https:\/\/www.grainesdemiel.com\/index.php\/wp-json\/wp\/v2\/types\/post"}],"author":[{"embeddable":true,"href":"https:\/\/www.grainesdemiel.com\/index.php\/wp-json\/wp\/v2\/users\/1"}],"replies":[{"embeddable":true,"href":"https:\/\/www.grainesdemiel.com\/index.php\/wp-json\/wp\/v2\/comments?post=110"}],"version-history":[{"count":3,"href":"https:\/\/www.grainesdemiel.com\/index.php\/wp-json\/wp\/v2\/posts\/110\/revisions"}],"predecessor-version":[{"id":118,"href":"https:\/\/www.grainesdemiel.com\/index.php\/wp-json\/wp\/v2\/posts\/110\/revisions\/118"}],"wp:featuredmedia":[{"embeddable":true,"href":"https:\/\/www.grainesdemiel.com\/index.php\/wp-json\/wp\/v2\/media\/111"}],"wp:attachment":[{"href":"https:\/\/www.grainesdemiel.com\/index.php\/wp-json\/wp\/v2\/media?parent=110"}],"wp:term":[{"taxonomy":"category","embeddable":true,"href":"https:\/\/www.grainesdemiel.com\/index.php\/wp-json\/wp\/v2\/categories?post=110"},{"taxonomy":"post_tag","embeddable":true,"href":"https:\/\/www.grainesdemiel.com\/index.php\/wp-json\/wp\/v2\/tags?post=110"}],"curies":[{"name":"wp","href":"https:\/\/api.w.org\/{rel}","templated":true}]}}